{"id":1944,"date":"2026-04-29T12:26:05","date_gmt":"2026-04-29T11:26:05","guid":{"rendered":"https:\/\/tropicalinfos.com\/?p=1944"},"modified":"2026-04-29T14:13:50","modified_gmt":"2026-04-29T13:13:50","slug":"sante-accelerer-lelimination-du-paludisme-en-afrique-francophone","status":"publish","type":"post","link":"https:\/\/tropicalinfos.com\/?p=1944","title":{"rendered":"Sant\u00e9: acc\u00e9l\u00e9rer l\u2019\u00e9limination du paludisme en Afrique francophone"},"content":{"rendered":"\n<p>Communiqu\u00e9 de presse, Cotonou, le 27 avril 2026-<\/p>\n\n\n\n<p>A l\u2019occasion de la Journ\u00e9e mondiale de lutte contre le paludisme, c\u00e9l\u00e9br\u00e9e le 25 avril sous le th\u00e8me Mettre fin au paludisme : Nous le pouvons. Nous le devons le B\u00e9nin a accueilli, du 24 au 26 avril, une s\u00e9rie d\u2019activit\u00e9s de haut niveau mobilisant d\u00e9cideurs politiques, partenaires techniques et financiers, soci\u00e9t\u00e9 civile, jeunes, chercheurs, athl\u00e8tes et m\u00e9dias autour d\u2019un objectif comm un acc\u00e9l\u00e9rer l\u2019\u00e9limination du paludisme en Afrique francophone.<\/p>\n\n\n\n<p>Temps fort de cette mobilisation, le lancement officiel du rapport \u00ab Un effort collectif contre le paludisme dans l\u2019espace francophone, \u00bb par le Ministre de la Sant\u00e9 du B\u00e9nin, Pr. Benjamin Hounkpatin, a mis en lumi\u00e8re une r\u00e9alit\u00e9 pr\u00e9occupante: les pays francophones, qui ne repr\u00e9sentent que 13% de la population mondiale expos\u00e9e au paludisme, concentrent plus de 42% des cas et 40% des d\u00e9c\u00e8s li\u00e9s \u00e0 la maladie. Ce rapport appelle \u00e0 une action collective renforc\u00e9e autour de priorit\u00e9s cl\u00e9s, allant du financement domestique et international \u00e0 l\u2019innovation, en passant par l\u2019engagement du secteur priv\u00e9 et une mobilisation de l\u2019ensemble de la soci\u00e9t\u00e9.<\/p>\n\n\n\n<p>Le Ministre de la Sant\u00e9 du B\u00e9nin, Pr. Hounkpatin, a soulign\u00e9 l\u2019importance de ce rapport dans l\u2019orientation des politiques publiques et du plaidoyer international : \u00ab Le rapport sur le paludisme dans l\u2019espace francophone met en lumi\u00e8re une r\u00e9alit\u00e9 que nous ne pouvons plus ignorer notre r\u00e9gion est en premi\u00e8re ligne. Mais il d\u00e9montre \u00e9galement que des progr\u00e8s sont possibles lorsque le leadership politique, le financement et la mobilisation collective sont au rendez-vous. Le B\u00e9nin est d\u00e9termin\u00e9 \u00e0 poursuivre ses efforts et \u00e0 porter cette ambition au niveau r\u00e9gional et international.<\/p>\n\n\n\n<p>Cette ambition se traduit d\u00e9j\u00e0 par des r\u00e9sultats concrets. Le B\u00e9nin s\u2019est impos\u00e9 ces derni\u00e8res ann\u00e9es comme un exemple de leadership, ayant presque quadrupl\u00e9 son budget national consacr\u00e9 \u00e0 la lutte contre le paludisme. entre 2022 et 2025. Cette dynamique, port\u00e9e par une approche multisectorielle associant gouvernement, parlementaires, soci\u00e9t\u00e9 civile et secteur priv\u00e9, a contribu\u00e9 \u00e0 une r\u00e9duction significative du fardeau de la maladie.<\/p>\n\n\n\n<p>Dans ce contexte, Speak Up Africa, \u00e0 travers ses diff\u00e9rentes initiatives, a jou\u00e9 un r\u00f4le cl\u00e9 dans la mobilisation des acteurs autour d\u2019appels \u00e0 l\u2019action clairs pour l\u2019\u00e9limination du paludisme. Comme l\u2019a rappel\u00e9 Yacine Djibo, Di rectrice ex\u00e9cutive de Speak Up Africa: A travers cette Journ\u00e9e mondiale de lutte contre le paludisme, nous avons voulu transformer un moment de sensibilisation en un v\u00e9ritable catalyseur d\u2019action. Le rapport que nous lan\u00e7ons aujourd\u2019hui est un appel clair : nous devons agir maintenant collectivement, pour prot\u00e9ger les vies et financer un avenir sans paludisme.<\/p>\n\n\n\n<p>Les activit\u00e9s organis\u00e9es au B\u00e9nin se sont inscrites dans la continuit\u00e9 de la plateforme Speak Up Africa en Action, d\u00e9j\u00e0 d\u00e9ploy\u00e9e lors de la Coupe d\u2019Afrique des Nations en janvier dernier, et qui vise \u00e0 mobiliser des publics ! arges \u00e0 travers le sport, la culture et le storytelling d\u2019impact. Au B\u00e9nin, cette dynamique s\u2019est traduite par une s\u00e9ne d\u2019activations m\u00ealant plaidoyer de haut niveau, engagement communautaire avec les Voix EssentiELLES et mobilisation de la jeunesse, notamment \u00e0 travers un Media Day, un atelier de storytelling et un tournoi de bask etball 3\u00d73 en partenariat avec la I AM Foundation.<\/p>\n\n\n\n<p>Cette approche, qui place les jeunes et les communaut\u00e9s au c\u0153ur de la r\u00e9ponse, a \u00e9t\u00e9 port\u00e9e par des figures embl\u00e9matiques du sport, dont Khalilou Fadiga, Ancien international s\u00e9n\u00e9galais et co-capitaine du Z\u00e9ro Palu Football Club, qui a rappel\u00e9 le r\u00f4le du sport comme levier de transformation sociale: Le paludisme est une r\u00e9alit\u00e9 que des millions de familles vivent au quotidien. En tant qu\u2019ancien sportif, mais surtout en tant qu\u2019africain, je suis persuad\u00e9 que nous avons tous un r\u00f4le \u00e0 jouer. A travers le sport et la mobilisation des jeunes, nous pouvons sensibiliser, engager et faire bouger les lignes.<\/p>\n","protected":false},"excerpt":{"rendered":"<p>Communiqu\u00e9 de presse, Cotonou, le 27 avril 2026- A l\u2019occasion de la Journ\u00e9e mondiale de lutte contre le<\/p>\n","protected":false},"author":4,"featured_media":1945,"comment_status":"open","ping_status":"open","sticky":false,"template":"","format":"standard","meta":{"pagelayer_contact_templates":[],"_pagelayer_content":"","footnotes":""},"categories":[5,17,4],"tags":[158,528],"class_list":["post-1944","post","type-post","status-publish","format-standard","has-post-thumbnail","hentry","category-actualites","category-afrique","category-sante","tag-afrique","tag-paludisme"],"_links":{"self":[{"href":"https:\/\/tropicalinfos.com\/index.php?rest_route=\/wp\/v2\/posts\/1944","targetHints":{"allow":["GET"]}}],"collection":[{"href":"https:\/\/tropicalinfos.com\/index.php?rest_route=\/wp\/v2\/posts"}],"about":[{"href":"https:\/\/tropicalinfos.com\/index.php?rest_route=\/wp\/v2\/types\/post"}],"author":[{"embeddable":true,"href":"https:\/\/tropicalinfos.com\/index.php?rest_route=\/wp\/v2\/users\/4"}],"replies":[{"embeddable":true,"href":"https:\/\/tropicalinfos.com\/index.php?rest_route=%2Fwp%2Fv2%2Fcomments&post=1944"}],"version-history":[{"count":1,"href":"https:\/\/tropicalinfos.com\/index.php?rest_route=\/wp\/v2\/posts\/1944\/revisions"}],"predecessor-version":[{"id":1946,"href":"https:\/\/tropicalinfos.com\/index.php?rest_route=\/wp\/v2\/posts\/1944\/revisions\/1946"}],"wp:featuredmedia":[{"embeddable":true,"href":"https:\/\/tropicalinfos.com\/index.php?rest_route=\/wp\/v2\/media\/1945"}],"wp:attachment":[{"href":"https:\/\/tropicalinfos.com\/index.php?rest_route=%2Fwp%2Fv2%2Fmedia&parent=1944"}],"wp:term":[{"taxonomy":"category","embeddable":true,"href":"https:\/\/tropicalinfos.com\/index.php?rest_route=%2Fwp%2Fv2%2Fcategories&post=1944"},{"taxonomy":"post_tag","embeddable":true,"href":"https:\/\/tropicalinfos.com\/index.php?rest_route=%2Fwp%2Fv2%2Ftags&post=1944"}],"curies":[{"name":"wp","href":"https:\/\/api.w.org\/{rel}","templated":true}]}}